{"id":4898,"date":"2023-08-01T11:54:47","date_gmt":"2023-08-01T11:54:47","guid":{"rendered":"https:\/\/lasonrisadeguille.org\/?p=4898"},"modified":"2023-08-02T15:03:21","modified_gmt":"2023-08-02T15:03:21","slug":"tenemos-nuevo-modelo-en-subasta","status":"publish","type":"post","link":"https:\/\/lasonrisadeguille.org\/fr\/tenemos-nuevo-modelo-en-subasta\/","title":{"rendered":"Nous avons une Copa Am\u00e9rica aux ench\u00e8res\u00a0!"},"content":{"rendered":"<p>Nous avons un nouveau mod\u00e8le aux ench\u00e8res, le yacht <a href=\"https:\/\/lasonrisadeguille.org\/tienda-solidaria\/producto\/modelo-copa-america\/\">CADE92<\/a>.<\/p>\n\n\n\n<p>Mod\u00e8le de la premi\u00e8re s\u00e9rie espagnole de l'America's Cup. R\u00e9alis\u00e9 pour le d\u00e9fi de 1992 <a href=\"https:\/\/www.elmundo.es\/suplementos\/nautica\/2006\/19\/1142636407.html\">et con\u00e7u par I\u00f1igo Echenique.<\/a><\/p>\n\n\n\n<p>N'oubliez pas qu'il s'agit d'une initiative de solidarit\u00e9 de la <a href=\"http:\/\/canal.etsin.upm.es\/\">CEHINAV<\/a> pour nous aider dans les moments difficiles que nous traversons. Rendez-vous sur le site de la <a href=\"https:\/\/lasonrisadeguille.org\/tienda-solidaria\/producto\/modelo-copa-america\/\">vente aux ench\u00e8res<\/a> et de faire une offre. N'oubliez pas que tous les dons sont d\u00e9ductibles des imp\u00f4ts.<\/p>\n\n\n\n<p>Venez nous aider !<\/p>\n\n\n\n<p>Bisous et c\u00e2lins,<\/p>\n\n\n\n<p>Le sourire de Guille<\/p>","protected":false},"excerpt":{"rendered":"<p>Nous avons un nouveau mod\u00e8le aux ench\u00e8res, le yacht CADE92. Mod\u00e8le de la premi\u00e8re s\u00e9rie espagnole de la Coupe de l'America. R\u00e9alis\u00e9 pour le d\u00e9fi de 1992 et dessin\u00e9 par I\u00f1igo Echenique. N'oubliez pas qu'il s'agit d'une initiative de solidarit\u00e9 du CEHINAV pour nous aider dans les moments difficiles que nous traversons. Participez \u00e0 la vente aux ench\u00e8res et faites une offre. N'oubliez pas que tous les dons sont d\u00e9ductibles des imp\u00f4ts, alors venez et collaborez ! Bisous et c\u00e2lins, La Sonrisa de Guille<\/p>","protected":false},"author":1,"featured_media":4955,"comment_status":"open","ping_status":"open","sticky":false,"template":"","format":"standard","meta":{"footnotes":""},"categories":[1],"tags":[],"class_list":["post-4898","post","type-post","status-publish","format-standard","has-post-thumbnail","hentry","category-sin-categoria"],"_links":{"self":[{"href":"https:\/\/lasonrisadeguille.org\/fr\/wp-json\/wp\/v2\/posts\/4898","targetHints":{"allow":["GET"]}}],"collection":[{"href":"https:\/\/lasonrisadeguille.org\/fr\/wp-json\/wp\/v2\/posts"}],"about":[{"href":"https:\/\/lasonrisadeguille.org\/fr\/wp-json\/wp\/v2\/types\/post"}],"author":[{"embeddable":true,"href":"https:\/\/lasonrisadeguille.org\/fr\/wp-json\/wp\/v2\/users\/1"}],"replies":[{"embeddable":true,"href":"https:\/\/lasonrisadeguille.org\/fr\/wp-json\/wp\/v2\/comments?post=4898"}],"version-history":[{"count":0,"href":"https:\/\/lasonrisadeguille.org\/fr\/wp-json\/wp\/v2\/posts\/4898\/revisions"}],"wp:featuredmedia":[{"embeddable":true,"href":"https:\/\/lasonrisadeguille.org\/fr\/wp-json\/wp\/v2\/media\/4955"}],"wp:attachment":[{"href":"https:\/\/lasonrisadeguille.org\/fr\/wp-json\/wp\/v2\/media?parent=4898"}],"wp:term":[{"taxonomy":"category","embeddable":true,"href":"https:\/\/lasonrisadeguille.org\/fr\/wp-json\/wp\/v2\/categories?post=4898"},{"taxonomy":"post_tag","embeddable":true,"href":"https:\/\/lasonrisadeguille.org\/fr\/wp-json\/wp\/v2\/tags?post=4898"}],"curies":[{"name":"wp","href":"https:\/\/api.w.org\/{rel}","templated":true}]}}