{"id":4250,"date":"2017-04-25T18:19:00","date_gmt":"2017-04-25T18:19:00","guid":{"rendered":"https:\/\/lasonrisadeguille.org\/?p=4250"},"modified":"2023-07-27T18:21:24","modified_gmt":"2023-07-27T18:21:24","slug":"mochilas-para-el-ies-antonio-gaudi","status":"publish","type":"post","link":"https:\/\/lasonrisadeguille.org\/fr\/mochilas-para-el-ies-antonio-gaudi\/","title":{"rendered":"Sacs \u00e0 dos pour l'\u00e9cole secondaire IES Antonio Gaud\u00ed"},"content":{"rendered":"\n<p>Pedazo de mochilas que hemos hecho para el <a href=\"https:\/\/www.facebook.com\/IES-antonio-gaudi-132979196814126\/?__cft__[0]=AZWgvnQyZuYZAbTuKV7ESO-wCeNTxYfDg85d795FCrw8SQeb9ebkvllrIYNNUcsFVdCu135rp7wHlMcFfY-RHCyfyTrGzePdEE6ohIoEMVDaKpijeQwcU9QE7Pd0nObv3FnJhQj3zIDsAhenNp2XkhT9up_BBk6poJqwTJBwOwxCDMTtNntDLnDidOPimFiLKDEa4CNXeUz5RjgscX8zQx1H&amp;__tn__=kK-R\">I.E.S. antonio gaudi<\/a>.<\/p>\n\n\n\n<p>Os recordamos que, en <a href=\"https:\/\/www.facebook.com\/LaSonrisaDeGuille?__cft__[0]=AZWgvnQyZuYZAbTuKV7ESO-wCeNTxYfDg85d795FCrw8SQeb9ebkvllrIYNNUcsFVdCu135rp7wHlMcFfY-RHCyfyTrGzePdEE6ohIoEMVDaKpijeQwcU9QE7Pd0nObv3FnJhQj3zIDsAhenNp2XkhT9up_BBk6poJqwTJBwOwxCDMTtNntDLnDidOPimFiLKDEa4CNXeUz5RjgscX8zQx1H&amp;__tn__=-]K-R\">La Sonrisa de Guille<\/a> tambi\u00e9n hacemos grandes encargos para empresas. Nuestra especialidad son los art\u00edculos promocionales. Si necesit\u00e1is algo, no dud\u00e9is en dec\u00edrnoslo y os mandamos nuestro cat\u00e1logo. \u00a1Ah!, y no os olvid\u00e9is de dar el co\u00f1azo en vuestra empresa para que sus regalos los hagan con nosotros <img decoding=\"async\" alt=\"\ud83d\ude1b\" src=\"https:\/\/static.xx.fbcdn.net\/images\/emoji.php\/v9\/t9f\/1\/16\/1f61b.png\" width=\"16\" height=\"16\"><\/p>\n\n\n\n<p>Besos y abrazos,<\/p>\n\n\n\n<p>La Sonrisa de Guille<\/p>\n","protected":false},"excerpt":{"rendered":"<p>Superbes sacs \u00e0 dos que nous avons r\u00e9alis\u00e9s pour I.E.S. antonio gaudi. Nous vous rappelons qu'\u00e0 La Sonrisa de Guille, nous r\u00e9alisons \u00e9galement de grosses commandes pour les entreprises. Notre sp\u00e9cialit\u00e9 est le mat\u00e9riel promotionnel. Si vous avez besoin de quelque chose, n'h\u00e9sitez pas \u00e0 nous le dire et nous vous enverrons notre catalogue. Ah, et n'oubliez pas de donner du fil \u00e0 retordre \u00e0 votre entreprise pour qu'elle fasse ses cadeaux chez nous. Bisous et embrassades, La Sonrisa de Guille.<\/p>","protected":false},"author":1,"featured_media":4252,"comment_status":"open","ping_status":"open","sticky":false,"template":"","format":"standard","meta":{"footnotes":""},"categories":[1],"tags":[],"class_list":["post-4250","post","type-post","status-publish","format-standard","has-post-thumbnail","hentry","category-sin-categoria"],"_links":{"self":[{"href":"https:\/\/lasonrisadeguille.org\/fr\/wp-json\/wp\/v2\/posts\/4250","targetHints":{"allow":["GET"]}}],"collection":[{"href":"https:\/\/lasonrisadeguille.org\/fr\/wp-json\/wp\/v2\/posts"}],"about":[{"href":"https:\/\/lasonrisadeguille.org\/fr\/wp-json\/wp\/v2\/types\/post"}],"author":[{"embeddable":true,"href":"https:\/\/lasonrisadeguille.org\/fr\/wp-json\/wp\/v2\/users\/1"}],"replies":[{"embeddable":true,"href":"https:\/\/lasonrisadeguille.org\/fr\/wp-json\/wp\/v2\/comments?post=4250"}],"version-history":[{"count":0,"href":"https:\/\/lasonrisadeguille.org\/fr\/wp-json\/wp\/v2\/posts\/4250\/revisions"}],"wp:featuredmedia":[{"embeddable":true,"href":"https:\/\/lasonrisadeguille.org\/fr\/wp-json\/wp\/v2\/media\/4252"}],"wp:attachment":[{"href":"https:\/\/lasonrisadeguille.org\/fr\/wp-json\/wp\/v2\/media?parent=4250"}],"wp:term":[{"taxonomy":"category","embeddable":true,"href":"https:\/\/lasonrisadeguille.org\/fr\/wp-json\/wp\/v2\/categories?post=4250"},{"taxonomy":"post_tag","embeddable":true,"href":"https:\/\/lasonrisadeguille.org\/fr\/wp-json\/wp\/v2\/tags?post=4250"}],"curies":[{"name":"wp","href":"https:\/\/api.w.org\/{rel}","templated":true}]}}