{"id":4221,"date":"2017-08-07T17:58:00","date_gmt":"2017-08-07T17:58:00","guid":{"rendered":"https:\/\/lasonrisadeguille.org\/?p=4221"},"modified":"2023-07-27T18:00:44","modified_gmt":"2023-07-27T18:00:44","slug":"romeria-virgen-de-la-cruz","status":"publish","type":"post","link":"https:\/\/lasonrisadeguille.org\/fr\/romeria-virgen-de-la-cruz\/","title":{"rendered":"P\u00e8lerinage de la Vierge de la Cruz"},"content":{"rendered":"\n<p>En la romer\u00eda de la Virgen De la Cruz en <a href=\"https:\/\/www.facebook.com\/ayuntamientobenalmadena?__cft__[0]=AZUz2TAlbPWdDZ6RLF1uQgDVg0NDeKXbwghWEdKzF6jZBsyIhflPkJtuThDLjv7AeS_1RxNLNWorJnBxM4Nd54dzOpvz8fnypIHYF7mVtHfDz199uv7W7NpFIyE3th3OD71yTTl81Es5WDIm_8IkroSdjF_0HdJWc4v2kltzgFwYe4V2DQGM2ndfuUE3j_FQAjL8uJUPbgPQl81ZNR0FGnD-&amp;__tn__=-]K-R\">Ayuntamiento de Benalm\u00e1dena<\/a>, nuestro amigo Chillo quiso tener un detalle y escogi\u00f3 unas tazas personalizadas de La Sonrisa de Guille<\/p>\n\n\n\n<p>Os dejamos una foto de la romer\u00eda junto al alcalde <a href=\"https:\/\/www.facebook.com\/victornavasbenalmadena?__cft__[0]=AZUz2TAlbPWdDZ6RLF1uQgDVg0NDeKXbwghWEdKzF6jZBsyIhflPkJtuThDLjv7AeS_1RxNLNWorJnBxM4Nd54dzOpvz8fnypIHYF7mVtHfDz199uv7W7NpFIyE3th3OD71yTTl81Es5WDIm_8IkroSdjF_0HdJWc4v2kltzgFwYe4V2DQGM2ndfuUE3j_FQAjL8uJUPbgPQl81ZNR0FGnD-&amp;__tn__=-]K-R\">V\u00edctor Navas Benalm\u00e1dena<\/a>, Alejandro Crist\u00f3bal M\u00e1rquez Luque, @miguel marquez luque, @reme marquez, @raquel Veigas.<\/p>\n\n\n\n<p>Muchas gracias Chillo por querer regalar solidaridad!!!<\/p>\n\n\n\n<p>Recordad que en @La Sonrisa de Guille damos trabajo a personas con discapacidad intelectual y fabrican todo tipo de art\u00edculos personalizados como, por ejemplo, estas tazas.<\/p>\n\n\n\n<p>Un beso grande y \u00a1Viva la Virgen De la Cruz!<\/p>\n","protected":false},"excerpt":{"rendered":"<p>Lors du p\u00e8lerinage de la Virgen De la Cruz \u00e0 la mairie de Benalm\u00e1dena, notre ami Chillo a voulu avoir un d\u00e9tail et a choisi des tasses personnalis\u00e9es de La Sonrisa de Guille. Nous vous laissons une photo du p\u00e8lerinage avec le maire V\u00edctor Navas Benalm\u00e1dena, Alejandro Crist\u00f3bal M\u00e1rquez Luque, @miguel marquez luque, @reme marquez, @raquel Veigas. Merci beaucoup Chillo d'avoir voulu faire preuve de solidarit\u00e9 !!!! N'oubliez pas qu'\u00e0 @La Sonrisa de Guille, nous donnons du travail \u00e0 des personnes handicap\u00e9es mentales et qu'elles fabriquent toutes sortes d'objets personnalis\u00e9s comme, par exemple, ces mugs. Un grand baiser et longue vie \u00e0 la Vierge de la Croix !<\/p>","protected":false},"author":1,"featured_media":4226,"comment_status":"open","ping_status":"open","sticky":false,"template":"","format":"standard","meta":{"footnotes":""},"categories":[1],"tags":[],"class_list":["post-4221","post","type-post","status-publish","format-standard","has-post-thumbnail","hentry","category-sin-categoria"],"_links":{"self":[{"href":"https:\/\/lasonrisadeguille.org\/fr\/wp-json\/wp\/v2\/posts\/4221","targetHints":{"allow":["GET"]}}],"collection":[{"href":"https:\/\/lasonrisadeguille.org\/fr\/wp-json\/wp\/v2\/posts"}],"about":[{"href":"https:\/\/lasonrisadeguille.org\/fr\/wp-json\/wp\/v2\/types\/post"}],"author":[{"embeddable":true,"href":"https:\/\/lasonrisadeguille.org\/fr\/wp-json\/wp\/v2\/users\/1"}],"replies":[{"embeddable":true,"href":"https:\/\/lasonrisadeguille.org\/fr\/wp-json\/wp\/v2\/comments?post=4221"}],"version-history":[{"count":0,"href":"https:\/\/lasonrisadeguille.org\/fr\/wp-json\/wp\/v2\/posts\/4221\/revisions"}],"wp:featuredmedia":[{"embeddable":true,"href":"https:\/\/lasonrisadeguille.org\/fr\/wp-json\/wp\/v2\/media\/4226"}],"wp:attachment":[{"href":"https:\/\/lasonrisadeguille.org\/fr\/wp-json\/wp\/v2\/media?parent=4221"}],"wp:term":[{"taxonomy":"category","embeddable":true,"href":"https:\/\/lasonrisadeguille.org\/fr\/wp-json\/wp\/v2\/categories?post=4221"},{"taxonomy":"post_tag","embeddable":true,"href":"https:\/\/lasonrisadeguille.org\/fr\/wp-json\/wp\/v2\/tags?post=4221"}],"curies":[{"name":"wp","href":"https:\/\/api.w.org\/{rel}","templated":true}]}}