{"id":4144,"date":"2018-04-26T17:02:00","date_gmt":"2018-04-26T17:02:00","guid":{"rendered":"https:\/\/lasonrisadeguille.org\/?p=4144"},"modified":"2023-07-27T17:07:36","modified_gmt":"2023-07-27T17:07:36","slug":"premios-stela-2018","status":"publish","type":"post","link":"https:\/\/lasonrisadeguille.org\/fr\/premios-stela-2018\/","title":{"rendered":"Prix Stela 2018"},"content":{"rendered":"\n<p>Hoy nos dan el Premio Stela de <a href=\"https:\/\/www.facebook.com\/FundacionDownMadrid?__cft__[0]=AZXnQlqURzQx00J3DM2Y9r4Skgq7vX0ltzzz8J9LqbROLv_kDK5cLHgVt2hHmFumo_8bBwt0oIX1GSrIda1uyPyACmkDNA7bwxj4qjcK-unKc2PZFYtK3LbvQlso03RSS4JR3v03-h4b4wroYExK2eUY3LgzBkvhoC9YXHGPeBSl2KitzKfsgrU81x9qyOgZFZJut9xnx3YSl84VdZiSpUun&amp;__tn__=-]K-R\">Fundaci\u00f3n S\u00edndrome de Down de Madrid<\/a>.<\/p>\n\n\n\n<p>\u00a1Qu\u00e9 nervios!<\/p>\n\n\n\n<p>Orgullosos y emocionados con nuestro premio, <em>&#8220;Premio Stela 2018 a la integraci\u00f3n laboral de las personas con discapacidad intelectual&#8221;.<\/em><\/p>\n\n\n\n<p>Gracias <a href=\"https:\/\/www.facebook.com\/FundacionDownMadrid?__cft__[0]=AZXe6cqIOROXl8jSmioEdbgz-_q9lZhFXBOSnsQIS9JceHAxGPObtpr0_90SfRNVwCXl0y7SKIs7GRDHMPuJWOvsknXFe8vOBp5rEs1SzXNEH7L7pMjsUmBswASvOjggnrE-XDWNMC0mx9HR3jL3JjI5r9QDJ-ZPdJGqL206WYftbD1XmQB47TAEdNQi29Pkalvw1La0OwimQ3rCDT1yWgcx&amp;__tn__=-]K-R\">Fundaci\u00f3n S\u00edndrome de Down de Madrid<\/a>!!!<\/p>\n\n\n\n<p>Besos y abrazos,<\/p>\n\n\n\n<p>La Sonrisa de Guille<\/p>\n\n\n\n<p><\/p>\n","protected":false},"excerpt":{"rendered":"<p>Aujourd'hui, nous avons re\u00e7u le prix Stela de la Fundaci\u00f3n S\u00edndrome de Down de Madrid. Quelle nervosit\u00e9 ! Fiers et excit\u00e9s par notre prix, \"Prix Stela 2018 pour l'int\u00e9gration professionnelle des personnes ayant une d\u00e9ficience intellectuelle\". Merci \u00e0 la Fundaci\u00f3n S\u00edndrome de Down de Madrid !!!! C\u00e2lins et baisers, La Sonrisa de Guille<\/p>","protected":false},"author":1,"featured_media":4149,"comment_status":"open","ping_status":"open","sticky":false,"template":"","format":"standard","meta":{"footnotes":""},"categories":[1],"tags":[],"class_list":["post-4144","post","type-post","status-publish","format-standard","has-post-thumbnail","hentry","category-sin-categoria"],"_links":{"self":[{"href":"https:\/\/lasonrisadeguille.org\/fr\/wp-json\/wp\/v2\/posts\/4144","targetHints":{"allow":["GET"]}}],"collection":[{"href":"https:\/\/lasonrisadeguille.org\/fr\/wp-json\/wp\/v2\/posts"}],"about":[{"href":"https:\/\/lasonrisadeguille.org\/fr\/wp-json\/wp\/v2\/types\/post"}],"author":[{"embeddable":true,"href":"https:\/\/lasonrisadeguille.org\/fr\/wp-json\/wp\/v2\/users\/1"}],"replies":[{"embeddable":true,"href":"https:\/\/lasonrisadeguille.org\/fr\/wp-json\/wp\/v2\/comments?post=4144"}],"version-history":[{"count":0,"href":"https:\/\/lasonrisadeguille.org\/fr\/wp-json\/wp\/v2\/posts\/4144\/revisions"}],"wp:featuredmedia":[{"embeddable":true,"href":"https:\/\/lasonrisadeguille.org\/fr\/wp-json\/wp\/v2\/media\/4149"}],"wp:attachment":[{"href":"https:\/\/lasonrisadeguille.org\/fr\/wp-json\/wp\/v2\/media?parent=4144"}],"wp:term":[{"taxonomy":"category","embeddable":true,"href":"https:\/\/lasonrisadeguille.org\/fr\/wp-json\/wp\/v2\/categories?post=4144"},{"taxonomy":"post_tag","embeddable":true,"href":"https:\/\/lasonrisadeguille.org\/fr\/wp-json\/wp\/v2\/tags?post=4144"}],"curies":[{"name":"wp","href":"https:\/\/api.w.org\/{rel}","templated":true}]}}