{"id":3601,"date":"2023-06-18T15:22:00","date_gmt":"2023-06-18T15:22:00","guid":{"rendered":"https:\/\/lasonrisadeguille.org\/?p=3601"},"modified":"2023-07-27T14:59:13","modified_gmt":"2023-07-27T14:59:13","slug":"en-la-mente-de-un-ingeniero-de-alvaro-buitrago-alvarez","status":"publish","type":"post","link":"https:\/\/lasonrisadeguille.org\/fr\/en-la-mente-de-un-ingeniero-de-alvaro-buitrago-alvarez\/","title":{"rendered":"\"Dans la t\u00eate d'un ing\u00e9nieur\" par \u00c1lvaro Buitrago \u00c1lvarez"},"content":{"rendered":"<p>Si vous voulez conna\u00eetre l'histoire de la <a href=\"https:\/\/www.linkedin.com\/company\/la-sonrisa-de-guille\/\">Le sourire de Guille<\/a> nous vous racontons tout dans ce podcast de la sensationnelle cha\u00eene \"Dans la t\u00eate d'un ing\u00e9nieur\" de <a href=\"https:\/\/www.linkedin.com\/in\/ACoAADXbBpgBjNZUBXONPotHGjk45UgRcSfCTkY\">\u00c1lvaro Buitrago \u00c1lvarez<\/a>.<br><br>Nous vous recommandons de sauter la premi\u00e8re demi-heure ou plus, car l'invit\u00e9 est particuli\u00e8rement soporifique \ud83e\udd23 .<br><br>Merci beaucoup. <a href=\"https:\/\/www.linkedin.com\/in\/ACoAADXbBpgBjNZUBXONPotHGjk45UgRcSfCTkY\">\u00c1lvaro Buitrago \u00c1lvarez<\/a>pour nous avoir donn\u00e9 une voix, pour votre soutien et m\u00eame pour nous avoir offert de nouvelles opportunit\u00e9s de la part de l'Union europ\u00e9enne. <a href=\"https:\/\/www.linkedin.com\/in\/ACoAADJ3tdABfGekEDuPcFf7YJy6Q-tcHsVLx_w\">Luc\u00eda Buitrago Alvarez<\/a><\/p>\n\n\n\n<figure class=\"wp-block-embed is-type-rich is-provider-spotify wp-block-embed-spotify wp-embed-aspect-21-9 wp-has-aspect-ratio\"><div class=\"wp-block-embed__wrapper\">\n<iframe title=\"Spotify Embed : #95 Pedro Soria. Cofondateur de &quot;La Sonrisa de Guille&quot;.\" style=\"border-radius: 12px\" width=\"100%\" height=\"152\" frameborder=\"0\" allowfullscreen allow=\"autoplay; clipboard-write; encrypted-media; fullscreen; picture-in-picture\" loading=\"lazy\" src=\"https:\/\/open.spotify.com\/embed\/episode\/29Ng8U9UAYZnrwpD5RJic8?si=AdpF17QvTrO3wBT8qHnu1A&#038;utm_source=oembed\"><\/iframe>\n<\/div><\/figure>\n\n\n\n<p><\/p>","protected":false},"excerpt":{"rendered":"<p>Si vous voulez conna\u00eetre l'histoire de La Sonrisa de Guille, nous vous la racontons dans ce podcast de la cha\u00eene \u00e0 sensation \"En la mente de un ingeniero\" d'\u00c1lvaro Buitrago \u00c1lvarez. Nous vous recommandons de sauter la premi\u00e8re demi-heure ou plus, car l'invit\u00e9 est particuli\u00e8rement soporifique \ud83e\udd23 . Merci beaucoup \u00c1lvaro Buitrago \u00c1lvarez, pour nous avoir donn\u00e9 une voix, pour votre soutien et pour nous avoir m\u00eame offert de nouvelles opportunit\u00e9s avec Luc\u00eda Buitrago Alvarez.<\/p>","protected":false},"author":1,"featured_media":4057,"comment_status":"open","ping_status":"open","sticky":false,"template":"","format":"standard","meta":{"footnotes":""},"categories":[1],"tags":[],"class_list":["post-3601","post","type-post","status-publish","format-standard","has-post-thumbnail","hentry","category-sin-categoria"],"_links":{"self":[{"href":"https:\/\/lasonrisadeguille.org\/fr\/wp-json\/wp\/v2\/posts\/3601","targetHints":{"allow":["GET"]}}],"collection":[{"href":"https:\/\/lasonrisadeguille.org\/fr\/wp-json\/wp\/v2\/posts"}],"about":[{"href":"https:\/\/lasonrisadeguille.org\/fr\/wp-json\/wp\/v2\/types\/post"}],"author":[{"embeddable":true,"href":"https:\/\/lasonrisadeguille.org\/fr\/wp-json\/wp\/v2\/users\/1"}],"replies":[{"embeddable":true,"href":"https:\/\/lasonrisadeguille.org\/fr\/wp-json\/wp\/v2\/comments?post=3601"}],"version-history":[{"count":0,"href":"https:\/\/lasonrisadeguille.org\/fr\/wp-json\/wp\/v2\/posts\/3601\/revisions"}],"wp:featuredmedia":[{"embeddable":true,"href":"https:\/\/lasonrisadeguille.org\/fr\/wp-json\/wp\/v2\/media\/4057"}],"wp:attachment":[{"href":"https:\/\/lasonrisadeguille.org\/fr\/wp-json\/wp\/v2\/media?parent=3601"}],"wp:term":[{"taxonomy":"category","embeddable":true,"href":"https:\/\/lasonrisadeguille.org\/fr\/wp-json\/wp\/v2\/categories?post=3601"},{"taxonomy":"post_tag","embeddable":true,"href":"https:\/\/lasonrisadeguille.org\/fr\/wp-json\/wp\/v2\/tags?post=3601"}],"curies":[{"name":"wp","href":"https:\/\/api.w.org\/{rel}","templated":true}]}}