{"id":3928,"date":"2019-09-30T15:53:00","date_gmt":"2019-09-30T15:53:00","guid":{"rendered":"https:\/\/lasonrisadeguille.org\/?p=3928"},"modified":"2023-07-26T15:55:18","modified_gmt":"2023-07-26T15:55:18","slug":"visita-a-cprint-madrid","status":"publish","type":"post","link":"https:\/\/lasonrisadeguille.org\/en\/visita-a-cprint-madrid\/","title":{"rendered":"Visit to CPrint Madrid"},"content":{"rendered":"\n<p>Hola a todos,<\/p>\n\n\n\n<p>El jueves pasado estuvimos visitando <a href=\"https:\/\/www.facebook.com\/cprintmadrid?__cft__[0]=AZXjlZIIg6YzX1RTYBRjmVfiFPSYWPdGt2RGdX3rkHt-1nEpEbSA_VPaJzcWTG5y-ltXvS3wHBrpN7x6GlB7HkMKk7CzogSf1Gy95DOeG6yH4bbfVaETyXzRmPUA-02qDouHzVO0BkfnwN8RzEJ4TPcPDEg7e-dC6q7n5Zn00-z-RTlAflxGCBQccvxjii4CTbc_0SeP93CgEZV4lhRH7X6V&amp;__tn__=-]K-R\">CPrint Madrid<\/a>, la cita de referencia en el sector de la comunicaci\u00f3n visual, personalizaci\u00f3n e industrias creativas.<\/p>\n\n\n\n<p>Aprovechamos la ocasi\u00f3n para darles la bienvenida a Borja y a <a href=\"https:\/\/www.facebook.com\/sergio.alcoleamartinez.3?__cft__[0]=AZXjlZIIg6YzX1RTYBRjmVfiFPSYWPdGt2RGdX3rkHt-1nEpEbSA_VPaJzcWTG5y-ltXvS3wHBrpN7x6GlB7HkMKk7CzogSf1Gy95DOeG6yH4bbfVaETyXzRmPUA-02qDouHzVO0BkfnwN8RzEJ4TPcPDEg7e-dC6q7n5Zn00-z-RTlAflxGCBQccvxjii4CTbc_0SeP93CgEZV4lhRH7X6V&amp;__tn__=-]K-R\">Sergio Alcolea Martinez<\/a>, quienes se incorporar\u00e1n ma\u00f1ana a nuestro equipo, a trav\u00e9s de <a href=\"https:\/\/www.facebook.com\/aspimip?__cft__[0]=AZXjlZIIg6YzX1RTYBRjmVfiFPSYWPdGt2RGdX3rkHt-1nEpEbSA_VPaJzcWTG5y-ltXvS3wHBrpN7x6GlB7HkMKk7CzogSf1Gy95DOeG6yH4bbfVaETyXzRmPUA-02qDouHzVO0BkfnwN8RzEJ4TPcPDEg7e-dC6q7n5Zn00-z-RTlAflxGCBQccvxjii4CTbc_0SeP93CgEZV4lhRH7X6V&amp;__tn__=-]K-R\">Aspimip<\/a> y del proyecto Juntos Somos Capaces de la <a href=\"https:\/\/www.facebook.com\/FundacionMapfre?__cft__[0]=AZXjlZIIg6YzX1RTYBRjmVfiFPSYWPdGt2RGdX3rkHt-1nEpEbSA_VPaJzcWTG5y-ltXvS3wHBrpN7x6GlB7HkMKk7CzogSf1Gy95DOeG6yH4bbfVaETyXzRmPUA-02qDouHzVO0BkfnwN8RzEJ4TPcPDEg7e-dC6q7n5Zn00-z-RTlAflxGCBQccvxjii4CTbc_0SeP93CgEZV4lhRH7X6V&amp;__tn__=-]K-R\">Fundaci\u00f3n MAPFRE<\/a>.<\/p>\n\n\n\n<p>Besos y abrazos,<\/p>\n\n\n\n<p>La Sonrisa de Guille<\/p>\n","protected":false},"excerpt":{"rendered":"<p>Hello everyone, Last Thursday we visited CPrint Madrid, the reference event in the visual communication, personalisation and creative industries sector. We would like to take this opportunity to welcome Borja and Sergio Alcolea Martinez, who will join our team tomorrow, through Aspimip and the Juntos Somos Capaces project of Fundaci\u00f3n MAPFRE. Hugs and kisses, La Sonrisa de Guille<\/p>","protected":false},"author":1,"featured_media":3929,"comment_status":"open","ping_status":"open","sticky":false,"template":"","format":"standard","meta":{"footnotes":""},"categories":[1],"tags":[],"class_list":["post-3928","post","type-post","status-publish","format-standard","has-post-thumbnail","hentry","category-sin-categoria"],"_links":{"self":[{"href":"https:\/\/lasonrisadeguille.org\/en\/wp-json\/wp\/v2\/posts\/3928","targetHints":{"allow":["GET"]}}],"collection":[{"href":"https:\/\/lasonrisadeguille.org\/en\/wp-json\/wp\/v2\/posts"}],"about":[{"href":"https:\/\/lasonrisadeguille.org\/en\/wp-json\/wp\/v2\/types\/post"}],"author":[{"embeddable":true,"href":"https:\/\/lasonrisadeguille.org\/en\/wp-json\/wp\/v2\/users\/1"}],"replies":[{"embeddable":true,"href":"https:\/\/lasonrisadeguille.org\/en\/wp-json\/wp\/v2\/comments?post=3928"}],"version-history":[{"count":0,"href":"https:\/\/lasonrisadeguille.org\/en\/wp-json\/wp\/v2\/posts\/3928\/revisions"}],"wp:featuredmedia":[{"embeddable":true,"href":"https:\/\/lasonrisadeguille.org\/en\/wp-json\/wp\/v2\/media\/3929"}],"wp:attachment":[{"href":"https:\/\/lasonrisadeguille.org\/en\/wp-json\/wp\/v2\/media?parent=3928"}],"wp:term":[{"taxonomy":"category","embeddable":true,"href":"https:\/\/lasonrisadeguille.org\/en\/wp-json\/wp\/v2\/categories?post=3928"},{"taxonomy":"post_tag","embeddable":true,"href":"https:\/\/lasonrisadeguille.org\/en\/wp-json\/wp\/v2\/tags?post=3928"}],"curies":[{"name":"wp","href":"https:\/\/api.w.org\/{rel}","templated":true}]}}