{"id":4904,"date":"2023-07-31T09:59:03","date_gmt":"2023-07-31T09:59:03","guid":{"rendered":"https:\/\/lasonrisadeguille.org\/?p=4904"},"modified":"2023-08-02T11:33:44","modified_gmt":"2023-08-02T11:33:44","slug":"reby-entra-en-concurso-de-acreedores","status":"publish","type":"post","link":"https:\/\/lasonrisadeguille.org\/de\/reby-entra-en-concurso-de-acreedores\/","title":{"rendered":"Reby meldet Insolvenz an"},"content":{"rendered":"<p>Nachdem sie einige Monate von der Bildfl\u00e4che verschwunden war, haben wir erfahren, dass Reby ein Insolvenzverfahren er\u00f6ffnet hat. <\/p>\n\n\n\n<p>Eine Situation, auf die wir gewartet haben, um die R\u00fcckgabe der unbezahlten Rechnungen zu fordern, die es uns aber unserer Meinung nach nicht erm\u00f6glichen wird, die Schulden einzutreiben. Wir d\u00fcrfen nicht vergessen, dass Aktiengesellschaften nur mit ihrem Stammkapital haften und dass die Arbeitnehmer und die Verwaltungen zuerst bezahlt werden. Sollte ein Restbetrag \u00fcbrig bleiben, wird dieser f\u00fcr die Lieferanten verwendet, zu denen wir leider geh\u00f6ren. Dann bliebe nur noch, die Verwalter wegen Misswirtschaft anzuklagen, aber das w\u00e4re ein sehr langer und kostspieliger Prozess.<\/p>\n\n\n\n<p>Wir m\u00f6chten uns bedanken bei <a href=\"https:\/\/abogadosortiz.com\/index.html\">Ortiz Anw\u00e4lte<\/a> und vor allem an Santiago, der unseren Fall v\u00f6llig uneigenn\u00fctzig bearbeitet hat.<\/p>\n\n\n\n<p>K\u00fcsse und Umarmungen,<\/p>\n\n\n\n<p>Guilles L\u00e4cheln<\/p>","protected":false},"excerpt":{"rendered":"<p>Nachdem das Unternehmen einige Monate von der Bildfl\u00e4che verschwunden war, haben wir erfahren, dass Reby ein Insolvenzverfahren eingeleitet hat. Eine Situation, auf die wir gewartet haben, um unbezahlte Rechnungen zur\u00fcckzufordern, aber wir glauben nicht, dass es uns m\u00f6glich sein wird, die Schulden einzutreiben. Wir d\u00fcrfen nicht vergessen, dass die Aktiengesellschaften nur mit ihrem Stammkapital haften und dass die Arbeitnehmer und die Verwaltungen zuerst bezahlt werden m\u00fcssen. Wenn dann noch etwas \u00fcbrig bleibt, wird es f\u00fcr die Lieferanten verwendet, zu denen wir leider auch geh\u00f6ren. Dann bleibt uns nur noch, die Verwalter wegen Misswirtschaft zu verklagen, aber das wird ein sehr langwieriger und kostspieliger Prozess. Wir m\u00f6chten uns bei Abogados Ortiz und insbesondere bei Santiago daf\u00fcr bedanken, dass sie unseren Fall v\u00f6llig uneigenn\u00fctzig bearbeitet haben. K\u00fcsse und Umarmungen, La Sonrisa de Guille<\/p>","protected":false},"author":1,"featured_media":4908,"comment_status":"open","ping_status":"open","sticky":false,"template":"","format":"standard","meta":{"footnotes":""},"categories":[1],"tags":[],"class_list":["post-4904","post","type-post","status-publish","format-standard","has-post-thumbnail","hentry","category-sin-categoria"],"_links":{"self":[{"href":"https:\/\/lasonrisadeguille.org\/de\/wp-json\/wp\/v2\/posts\/4904","targetHints":{"allow":["GET"]}}],"collection":[{"href":"https:\/\/lasonrisadeguille.org\/de\/wp-json\/wp\/v2\/posts"}],"about":[{"href":"https:\/\/lasonrisadeguille.org\/de\/wp-json\/wp\/v2\/types\/post"}],"author":[{"embeddable":true,"href":"https:\/\/lasonrisadeguille.org\/de\/wp-json\/wp\/v2\/users\/1"}],"replies":[{"embeddable":true,"href":"https:\/\/lasonrisadeguille.org\/de\/wp-json\/wp\/v2\/comments?post=4904"}],"version-history":[{"count":0,"href":"https:\/\/lasonrisadeguille.org\/de\/wp-json\/wp\/v2\/posts\/4904\/revisions"}],"wp:featuredmedia":[{"embeddable":true,"href":"https:\/\/lasonrisadeguille.org\/de\/wp-json\/wp\/v2\/media\/4908"}],"wp:attachment":[{"href":"https:\/\/lasonrisadeguille.org\/de\/wp-json\/wp\/v2\/media?parent=4904"}],"wp:term":[{"taxonomy":"category","embeddable":true,"href":"https:\/\/lasonrisadeguille.org\/de\/wp-json\/wp\/v2\/categories?post=4904"},{"taxonomy":"post_tag","embeddable":true,"href":"https:\/\/lasonrisadeguille.org\/de\/wp-json\/wp\/v2\/tags?post=4904"}],"curies":[{"name":"wp","href":"https:\/\/api.w.org\/{rel}","templated":true}]}}