{"id":4196,"date":"2017-09-26T17:44:00","date_gmt":"2017-09-26T17:44:00","guid":{"rendered":"https:\/\/lasonrisadeguille.org\/?p=4196"},"modified":"2023-07-27T17:48:46","modified_gmt":"2023-07-27T17:48:46","slug":"caldereta-en-moralzarzal","status":"publish","type":"post","link":"https:\/\/lasonrisadeguille.org\/de\/caldereta-en-moralzarzal\/","title":{"rendered":"Caldereta in Moralzarzal"},"content":{"rendered":"\n<p>Nada nos da m\u00e1s orgullo que ver nuestro trabajo en la calle. \u00a1Qu\u00e9 bien se lo pasa Moralzarzal preparando su caldereta con los delantales que les hemos preparado en <a href=\"https:\/\/www.facebook.com\/LaSonrisaDeGuille?__cft__[0]=AZUZXIgqek2b0U4MrBEfys6sH0MHr14WAwbGFjyMoN2tr6Z6jrpEvZ-rOKv2PYuWULON347Xz500OUjpZLGNX0S-4xhk_agUla-ha-XYm30NHFxfjve8VBHML3Kw3JmZEtYOb_-QRfHLEAGm0yHdEsL7NUnRKVY4iTcyw2kvhtKE16PFdBebGVsDM0R5KFh5pl6_1nsmfU3-9YxRXnOGVf797MVZR1WXiFU643efbMigqYiRZV1NNo_NqZYjIVqkqKA&amp;__tn__=-]K-R\">La Sonrisa de Guille<\/a>.<\/p>\n\n\n\n<p>Agradecidos con el <a href=\"https:\/\/www.facebook.com\/Moralzarzal.es?__cft__[0]=AZXIRuI1qqQW9_CmkHSUKETPwnCPZqPzvkQppPBLSJWLSpXoziBkDsr2Fi-BVHurFCld0nX3vso7gLXvqeWwRwV7sMjG85u3SEuhBRb_mZtrKKDfReDskFQYDcQI1NKrlF6NG6oDfggXVybfM9YatzK-9C_PQ-6r-PHlCOYt5IoHche0XaPn-lGI6TKkbRnWrNMUUkkioCi125pBIbftiRIy-QkvSWrUqotuqMUvPUw02k-SXauxM71YaM2S9W3bOnE&amp;__tn__=-]K-R\">Ayuntamiento de Moralzarzal<\/a> que, un a\u00f1o m\u00e1s, ha colaborado con nosotros de la forma que m\u00e1s nos gusta,&#8230; \u00a1d\u00e1ndonos trabajo!<\/p>\n\n\n\n<p>Cientos de pa\u00f1oletas y delantales para que Moral siga disfrutando de una de las mejoras fiestas de la comarca.<\/p>\n\n\n\n<p>Aprovechamos para animar a otros ayuntamientos a que conf\u00eden en nosotros. Misma calidad y mismo precio pero con una causa solidaria muy importante detr\u00e1s.<\/p>\n\n\n\n<p>Besos y abrazos<\/p>\n\n\n\n<p>La Sonrisa de Guille<\/p>\n","protected":false},"excerpt":{"rendered":"<p>Nichts macht uns stolzer, als unsere Arbeit auf der Stra\u00dfe zu sehen. Wie viel Spa\u00df Moralzarzal bei der Vorbereitung seiner Caldereta mit den Sch\u00fcrzen hat, die wir f\u00fcr sie in La Sonrisa de Guille vorbereitet haben. Wir danken dem Rathaus von Moralzarzal, das auch in diesem Jahr wieder mit uns zusammengearbeitet hat, wie wir es am liebsten tun: indem es uns Arbeit gab! Hunderte von Schals und Sch\u00fcrzen, damit Moral auch weiterhin eine der besten Fiestas der Region genie\u00dfen kann. Wir nutzen diese Gelegenheit, um andere Gemeinden zu ermutigen, uns zu vertrauen. Gleiche Qualit\u00e4t und gleicher Preis, aber mit einem sehr wichtigen Solidarit\u00e4tsanliegen dahinter. K\u00fcsse und Umarmungen von La Sonrisa de Guille<\/p>","protected":false},"author":1,"featured_media":4199,"comment_status":"open","ping_status":"open","sticky":false,"template":"","format":"standard","meta":{"footnotes":""},"categories":[1],"tags":[],"class_list":["post-4196","post","type-post","status-publish","format-standard","has-post-thumbnail","hentry","category-sin-categoria"],"_links":{"self":[{"href":"https:\/\/lasonrisadeguille.org\/de\/wp-json\/wp\/v2\/posts\/4196","targetHints":{"allow":["GET"]}}],"collection":[{"href":"https:\/\/lasonrisadeguille.org\/de\/wp-json\/wp\/v2\/posts"}],"about":[{"href":"https:\/\/lasonrisadeguille.org\/de\/wp-json\/wp\/v2\/types\/post"}],"author":[{"embeddable":true,"href":"https:\/\/lasonrisadeguille.org\/de\/wp-json\/wp\/v2\/users\/1"}],"replies":[{"embeddable":true,"href":"https:\/\/lasonrisadeguille.org\/de\/wp-json\/wp\/v2\/comments?post=4196"}],"version-history":[{"count":0,"href":"https:\/\/lasonrisadeguille.org\/de\/wp-json\/wp\/v2\/posts\/4196\/revisions"}],"wp:featuredmedia":[{"embeddable":true,"href":"https:\/\/lasonrisadeguille.org\/de\/wp-json\/wp\/v2\/media\/4199"}],"wp:attachment":[{"href":"https:\/\/lasonrisadeguille.org\/de\/wp-json\/wp\/v2\/media?parent=4196"}],"wp:term":[{"taxonomy":"category","embeddable":true,"href":"https:\/\/lasonrisadeguille.org\/de\/wp-json\/wp\/v2\/categories?post=4196"},{"taxonomy":"post_tag","embeddable":true,"href":"https:\/\/lasonrisadeguille.org\/de\/wp-json\/wp\/v2\/tags?post=4196"}],"curies":[{"name":"wp","href":"https:\/\/api.w.org\/{rel}","templated":true}]}}