{"id":4194,"date":"2017-11-01T17:40:00","date_gmt":"2017-11-01T17:40:00","guid":{"rendered":"https:\/\/lasonrisadeguille.org\/?p=4194"},"modified":"2023-07-27T17:43:08","modified_gmt":"2023-07-27T17:43:08","slug":"iii-cross-solidario-velilla-de-san-antonio","status":"publish","type":"post","link":"https:\/\/lasonrisadeguille.org\/de\/iii-cross-solidario-velilla-de-san-antonio\/","title":{"rendered":"III Solidarit\u00e4tskreuz Velilla de San Antonio"},"content":{"rendered":"\n<p>Este a\u00f1o tampoco nos pensamos perder la magnifica carrera que el <a href=\"https:\/\/www.facebook.com\/people\/Atletismo-Velilla\/pfbid03347vrNBxJm8PvbuGMEHAYyonKU7taZbxiqBB9LPJfdanu6D7hCYeYa46JG5Xw7iYl\/?__cft__[0]=AZXSc7YbmlYQnvDDUUIBKCqsWfGurGIoXLU98mifizPTLPMPo2kV9RTvXz8Ym4ozqmj2NldNacVE1z-WZOM1XE7_kQ8fZh7jXojmFcQN40FhOklcUHOD3PlWjN_UykaSoLv7hgu2LVJpYHKE7ueJQahTqn1mOvvQdQlkIUa2xX7Xyhntyo6g1-jF63H3Ci2-UbjEQIC1Z6TAofZJld49u_Me&amp;__tn__=-]K-R\">Club Atletismo Velilla De San Antonio<\/a> organiza.<\/p>\n\n\n\n<p>La causa elegida en esta ocasi\u00f3n no ha podido ser m\u00e1s acertada. Se trata de la Asociaci\u00f3n Mosayco que busca contribuir en la integraci\u00f3n social y el desarrollo personal de las personas con discapacidad intelectual a trav\u00e9s del ejercicio del ocio y el deporte en su tiempo libre.<\/p>\n\n\n\n<p>No se\u00e1is perezosos y apunt\u00e1os, que la causa lo merece!<\/p>\n\n\n\n<p>Besos y abrazos,<\/p>\n\n\n\n<p>La Sonrisa de Guille<\/p>\n\n\n\n<p><a href=\"https:\/\/www.facebook.com\/events\/2019397601606026\/?ref=newsfeed&amp;cft[0]=AZXSc7YbmlYQnvDDUUIBKCqsWfGurGIoXLU98mifizPTLPMPo2kV9RTvXz8Ym4ozqmj2NldNacVE1z-WZOM1XE7_kQ8fZh7jXojmFcQN40FhOklcUHOD3PlWjN_UykaSoLv7hgu2LVJpYHKE7ueJQahTqn1mOvvQdQlkIUa2xX7Xyhntyo6g1-jF63H3Ci2-UbjEQIC1Z6TAofZJld49u_Me&amp;tn=H-R\">https:\/\/www.facebook.com\/events\/2019397601606026\/?ref=newsfeed&amp;cft[0]=AZXSc7YbmlYQnvDDUUIBKCqsWfGurGIoXLU98mifizPTLPMPo2kV9RTvXz8Ym4ozqmj2NldNacVE1z-WZOM1XE7_kQ8fZh7jXojmFcQN40FhOklcUHOD3PlWjN_UykaSoLv7hgu2LVJpYHKE7ueJQahTqn1mOvvQdQlkIUa2xX7Xyhntyo6g1-jF63H3Ci2-UbjEQIC1Z6TAofZJld49u_Me&amp;tn=H-R<\/a><\/p>\n","protected":false},"excerpt":{"rendered":"<p>Este a\u00f1o tampoco nos pensamos perder la magnifica carrera que el Club Atletismo Velilla De San Antonio organiza. La causa elegida en esta ocasi\u00f3n no ha podido ser m\u00e1s acertada. Se trata de la Asociaci\u00f3n Mosayco que busca contribuir en la integraci\u00f3n social y el desarrollo personal de las personas con discapacidad intelectual a trav\u00e9s del ejercicio del ocio y el deporte en su tiempo libre. No se\u00e1is perezosos y apunt\u00e1os, que la causa lo merece! Besos y abrazos, La Sonrisa de Guille https:\/\/www.facebook.com\/events\/2019397601606026\/?ref=newsfeed&amp;cft[0]=AZXSc7YbmlYQnvDDUUIBKCqsWfGurGIoXLU98mifizPTLPMPo2kV9RTvXz8Ym4ozqmj2NldNacVE1z-WZOM1XE7_kQ8fZh7jXojmFcQN40FhOklcUHOD3PlWjN_UykaSoLv7hgu2LVJpYHKE7ueJQahTqn1mOvvQdQlkIUa2xX7Xyhntyo6g1-jF63H3Ci2-UbjEQIC1Z6TAofZJld49u_Me&amp;tn=H-R<\/p>\n","protected":false},"author":1,"featured_media":1517,"comment_status":"open","ping_status":"open","sticky":false,"template":"","format":"standard","meta":{"footnotes":""},"categories":[1],"tags":[],"class_list":["post-4194","post","type-post","status-publish","format-standard","has-post-thumbnail","hentry","category-sin-categoria"],"_links":{"self":[{"href":"https:\/\/lasonrisadeguille.org\/de\/wp-json\/wp\/v2\/posts\/4194","targetHints":{"allow":["GET"]}}],"collection":[{"href":"https:\/\/lasonrisadeguille.org\/de\/wp-json\/wp\/v2\/posts"}],"about":[{"href":"https:\/\/lasonrisadeguille.org\/de\/wp-json\/wp\/v2\/types\/post"}],"author":[{"embeddable":true,"href":"https:\/\/lasonrisadeguille.org\/de\/wp-json\/wp\/v2\/users\/1"}],"replies":[{"embeddable":true,"href":"https:\/\/lasonrisadeguille.org\/de\/wp-json\/wp\/v2\/comments?post=4194"}],"version-history":[{"count":0,"href":"https:\/\/lasonrisadeguille.org\/de\/wp-json\/wp\/v2\/posts\/4194\/revisions"}],"wp:featuredmedia":[{"embeddable":true,"href":"https:\/\/lasonrisadeguille.org\/de\/wp-json\/wp\/v2\/media\/1517"}],"wp:attachment":[{"href":"https:\/\/lasonrisadeguille.org\/de\/wp-json\/wp\/v2\/media?parent=4194"}],"wp:term":[{"taxonomy":"category","embeddable":true,"href":"https:\/\/lasonrisadeguille.org\/de\/wp-json\/wp\/v2\/categories?post=4194"},{"taxonomy":"post_tag","embeddable":true,"href":"https:\/\/lasonrisadeguille.org\/de\/wp-json\/wp\/v2\/tags?post=4194"}],"curies":[{"name":"wp","href":"https:\/\/api.w.org\/{rel}","templated":true}]}}