{"id":4125,"date":"2018-09-08T16:35:00","date_gmt":"2018-09-08T16:35:00","guid":{"rendered":"https:\/\/lasonrisadeguille.org\/?p=4125"},"modified":"2023-07-27T16:38:40","modified_gmt":"2023-07-27T16:38:40","slug":"feel-adwa","status":"publish","type":"post","link":"https:\/\/lasonrisadeguille.org\/de\/feel-adwa\/","title":{"rendered":"Adwa f\u00fchlen"},"content":{"rendered":"\n<p>Hola,<\/p>\n\n\n\n<p>Como en los a\u00f1os anteriores, la <a href=\"https:\/\/www.facebook.com\/asociacionfeeladwa?__cft__[0]=AZX5o4N9mrpFa2oRE0JjuEKcVkswEuKzNvfweSn6A1l1s1HR2c2RbtZIf_9iLUBZ1phvxxetB--yI4gMie5HarUA-mll2VrUY_eSqHkstpyh4RBSyLCk5mTYDh00H_soBFyebl__YU7wcLrcvGXoeCKcZkqxSTpJQqajyS7E6Vy4tjNV5JGM8XcgLlbTLEaRgtm-ryB2A7DYhXyQx0grYa11AoWQrpC9svT_OqJff6JTftpnR_jp4l7njUI8c9CrUx8&amp;__tn__=-]K-R\">Asociaci\u00f3n Feel Adwa<\/a> ha decidido dar un extra de solidaridad a su labor y han encargado sus polos a <a href=\"https:\/\/www.facebook.com\/LaSonrisaDeGuille?__cft__[0]=AZX5o4N9mrpFa2oRE0JjuEKcVkswEuKzNvfweSn6A1l1s1HR2c2RbtZIf_9iLUBZ1phvxxetB--yI4gMie5HarUA-mll2VrUY_eSqHkstpyh4RBSyLCk5mTYDh00H_soBFyebl__YU7wcLrcvGXoeCKcZkqxSTpJQqajyS7E6Vy4tjNV5JGM8XcgLlbTLEaRgtm-ryB2A7DYhXyQx0grYa11AoWQrpC9svT_OqJff6JTftpnR_jp4l7njUI8c9CrUx8&amp;__tn__=-]K-R\">La Sonrisa de Guille<\/a>. Al hacerlo, ayudan a proporcionar trabajo a personas con discapacidad intelectual.<\/p>\n\n\n\n<p>Nos volvemos a quitar el sombrero ante ellos. Su proyecto se basa en proporcionar, a las personas que m\u00e1s los necesitan, las herramientas que necesitan para su desarrollo hacia la independencia.<\/p>\n\n\n\n<p>\u00a1Muchas gracias por hacer un mundo mejor!<\/p>\n\n\n\n<p>Besos y abrazos,<\/p>\n\n\n\n<p>La Sonrisa de Guille<\/p>\n","protected":false},"excerpt":{"rendered":"<p>Hallo, wie in den vergangenen Jahren hat die Vereinigung Feel Adwa beschlossen, ihrer Arbeit einen zus\u00e4tzlichen Hauch von Solidarit\u00e4t zu verleihen, und hat ihre Poloshirts bei La Sonrisa de Guille bestellt. Auf diese Weise tragen sie dazu bei, Menschen mit geistiger Behinderung Arbeit zu verschaffen. Noch einmal: Hut ab! Ihr Projekt basiert darauf, den Menschen, die sie am meisten brauchen, die Mittel an die Hand zu geben, die sie f\u00fcr ihre Entwicklung zur Unabh\u00e4ngigkeit ben\u00f6tigen. Vielen Dank, dass ihr die Welt zu einem besseren Ort macht! Umarmungen und K\u00fcsse, La Sonrisa de Guille<\/p>","protected":false},"author":1,"featured_media":3423,"comment_status":"open","ping_status":"open","sticky":false,"template":"","format":"standard","meta":{"footnotes":""},"categories":[1],"tags":[],"class_list":["post-4125","post","type-post","status-publish","format-standard","has-post-thumbnail","hentry","category-sin-categoria"],"_links":{"self":[{"href":"https:\/\/lasonrisadeguille.org\/de\/wp-json\/wp\/v2\/posts\/4125","targetHints":{"allow":["GET"]}}],"collection":[{"href":"https:\/\/lasonrisadeguille.org\/de\/wp-json\/wp\/v2\/posts"}],"about":[{"href":"https:\/\/lasonrisadeguille.org\/de\/wp-json\/wp\/v2\/types\/post"}],"author":[{"embeddable":true,"href":"https:\/\/lasonrisadeguille.org\/de\/wp-json\/wp\/v2\/users\/1"}],"replies":[{"embeddable":true,"href":"https:\/\/lasonrisadeguille.org\/de\/wp-json\/wp\/v2\/comments?post=4125"}],"version-history":[{"count":0,"href":"https:\/\/lasonrisadeguille.org\/de\/wp-json\/wp\/v2\/posts\/4125\/revisions"}],"wp:featuredmedia":[{"embeddable":true,"href":"https:\/\/lasonrisadeguille.org\/de\/wp-json\/wp\/v2\/media\/3423"}],"wp:attachment":[{"href":"https:\/\/lasonrisadeguille.org\/de\/wp-json\/wp\/v2\/media?parent=4125"}],"wp:term":[{"taxonomy":"category","embeddable":true,"href":"https:\/\/lasonrisadeguille.org\/de\/wp-json\/wp\/v2\/categories?post=4125"},{"taxonomy":"post_tag","embeddable":true,"href":"https:\/\/lasonrisadeguille.org\/de\/wp-json\/wp\/v2\/tags?post=4125"}],"curies":[{"name":"wp","href":"https:\/\/api.w.org\/{rel}","templated":true}]}}