{"id":4103,"date":"2018-12-03T16:11:00","date_gmt":"2018-12-03T16:11:00","guid":{"rendered":"https:\/\/lasonrisadeguille.org\/?p=4103"},"modified":"2023-07-27T16:17:37","modified_gmt":"2023-07-27T16:17:37","slug":"4103-2","status":"publish","type":"post","link":"https:\/\/lasonrisadeguille.org\/de\/4103-2\/","title":{"rendered":"Fachkonferenzen an der Universit\u00e4t von Alcal\u00e1"},"content":{"rendered":"\n<p>Hoy participando en las Jornadas t\u00e9cnicas sobre la \u201cintegraci\u00f3n de las personas con discapacidad ps\u00edquica\u201d de la Universidad de Alcal\u00e1. Muchas gracias a <a href=\"https:\/\/www.facebook.com\/aspimip?__cft__[0]=AZUp4zldS5wal5bqAPZK094vS1shd1_hQGlzpGQE1ie5Q7STEA4wN5BlxBQg8r7Gs8PhR7g-wnGsemgwniH8uHhVGLFRrxNfQp36nhYb1eq6UWnGo_aOa72XfU9JLfMV0QgflpdUKkQOlp9hbZl-BxWj3y19gI9j2JJKShpMKKDhIpeXyEQ4CexdS2wRRPxPhQhUAnNRQQPU3iz7kPIsLxMK&amp;__tn__=-]K-R\">Aspimip<\/a> y a <a href=\"https:\/\/www.facebook.com\/FundacionDownMadrid?__cft__[0]=AZUp4zldS5wal5bqAPZK094vS1shd1_hQGlzpGQE1ie5Q7STEA4wN5BlxBQg8r7Gs8PhR7g-wnGsemgwniH8uHhVGLFRrxNfQp36nhYb1eq6UWnGo_aOa72XfU9JLfMV0QgflpdUKkQOlp9hbZl-BxWj3y19gI9j2JJKShpMKKDhIpeXyEQ4CexdS2wRRPxPhQhUAnNRQQPU3iz7kPIsLxMK&amp;__tn__=-]K-R\">Fundaci\u00f3n S\u00edndrome de Down de Madrid<\/a> por darnos voz.<\/p>\n\n\n\n<p>Para las jornadas se han repartido bolis y libretas hechos por nosotros. \u00bfA que est\u00e1n chulo?<\/p>\n\n\n\n<p><\/p>\n","protected":false},"excerpt":{"rendered":"<p>Heute Teilnahme an der Fachkonferenz zur \"Integration von Menschen mit geistiger Behinderung\" an der Universit\u00e4t von Alcal\u00e1. Vielen Dank an Aspimip und die Fundaci\u00f3n S\u00edndrome de Down de Madrid, die uns eine Stimme geben. F\u00fcr die Konferenz haben wir Stifte und Notizb\u00fccher verteilt, die wir selbst hergestellt haben. Sind die nicht cool?<\/p>","protected":false},"author":1,"featured_media":4104,"comment_status":"open","ping_status":"open","sticky":false,"template":"","format":"standard","meta":{"footnotes":""},"categories":[1],"tags":[],"class_list":["post-4103","post","type-post","status-publish","format-standard","has-post-thumbnail","hentry","category-sin-categoria"],"_links":{"self":[{"href":"https:\/\/lasonrisadeguille.org\/de\/wp-json\/wp\/v2\/posts\/4103","targetHints":{"allow":["GET"]}}],"collection":[{"href":"https:\/\/lasonrisadeguille.org\/de\/wp-json\/wp\/v2\/posts"}],"about":[{"href":"https:\/\/lasonrisadeguille.org\/de\/wp-json\/wp\/v2\/types\/post"}],"author":[{"embeddable":true,"href":"https:\/\/lasonrisadeguille.org\/de\/wp-json\/wp\/v2\/users\/1"}],"replies":[{"embeddable":true,"href":"https:\/\/lasonrisadeguille.org\/de\/wp-json\/wp\/v2\/comments?post=4103"}],"version-history":[{"count":0,"href":"https:\/\/lasonrisadeguille.org\/de\/wp-json\/wp\/v2\/posts\/4103\/revisions"}],"wp:featuredmedia":[{"embeddable":true,"href":"https:\/\/lasonrisadeguille.org\/de\/wp-json\/wp\/v2\/media\/4104"}],"wp:attachment":[{"href":"https:\/\/lasonrisadeguille.org\/de\/wp-json\/wp\/v2\/media?parent=4103"}],"wp:term":[{"taxonomy":"category","embeddable":true,"href":"https:\/\/lasonrisadeguille.org\/de\/wp-json\/wp\/v2\/categories?post=4103"},{"taxonomy":"post_tag","embeddable":true,"href":"https:\/\/lasonrisadeguille.org\/de\/wp-json\/wp\/v2\/tags?post=4103"}],"curies":[{"name":"wp","href":"https:\/\/api.w.org\/{rel}","templated":true}]}}